{"id":4503,"date":"2023-12-04T12:15:41","date_gmt":"2023-12-04T15:15:41","guid":{"rendered":"https:\/\/correoparaguayo.gov.py\/sitio\/?p=4503"},"modified":"2023-12-04T12:15:41","modified_gmt":"2023-12-04T15:15:41","slug":"el-ultimo-matasellos-del-ano-fue-presentado","status":"publish","type":"post","link":"https:\/\/correoparaguayo.gov.py\/sitio\/el-ultimo-matasellos-del-ano-fue-presentado\/","title":{"rendered":"El \u00faltimo matasellos del a\u00f1o fue presentado"},"content":{"rendered":"<p><img fetchpriority=\"high\" decoding=\"async\" class=\"alignnone  wp-image-4505\" src=\"https:\/\/correoparaguayo.gov.py\/sitio\/wp-content\/uploads\/2023\/12\/WhatsApp-Image-2023-12-04-at-11.44.38-300x197.jpeg\" alt=\"\" width=\"726\" height=\"477\" srcset=\"https:\/\/correoparaguayo.gov.py\/sitio\/wp-content\/uploads\/2023\/12\/WhatsApp-Image-2023-12-04-at-11.44.38-300x197.jpeg 300w, https:\/\/correoparaguayo.gov.py\/sitio\/wp-content\/uploads\/2023\/12\/WhatsApp-Image-2023-12-04-at-11.44.38-768x505.jpeg 768w, https:\/\/correoparaguayo.gov.py\/sitio\/wp-content\/uploads\/2023\/12\/WhatsApp-Image-2023-12-04-at-11.44.38-1536x1009.jpeg 1536w, https:\/\/correoparaguayo.gov.py\/sitio\/wp-content\/uploads\/2023\/12\/WhatsApp-Image-2023-12-04-at-11.44.38-2048x1345.jpeg 2048w\" sizes=\"(max-width: 726px) 100vw, 726px\" \/><\/p>\n<p>Matasellos alusivo al D\u00eda Internacional de las Personas con Discapacidad fue presentado, este lunes 4 de diciembre, por la Direcci\u00f3n Nacional de Correos del Paraguay (Dinacopa).<\/p>\n<p>El acto, que se desarroll\u00f3 en el sal\u00f3n auditorio del Servicio Nacional de Promoci\u00f3n Profesional (SNPP), cont\u00f3 con la presencia de invitados especiales y representantes diferentes organizaciones.<\/p>\n<p>La licenciada Cynthia Da Rosa, directora de la Direcci\u00f3n de Planificaci\u00f3n y Proyectos, represent\u00f3 en la ceremonia a la directora general, doctora Nidia L\u00f3pez de Gonz\u00e1lez.<\/p>\n<p><img decoding=\"async\" class=\"alignnone wp-image-4504\" src=\"https:\/\/correoparaguayo.gov.py\/sitio\/wp-content\/uploads\/2023\/12\/WhatsApp-Image-2023-12-04-at-09.25.50-300x300.jpeg\" alt=\"\" width=\"693\" height=\"693\" srcset=\"https:\/\/correoparaguayo.gov.py\/sitio\/wp-content\/uploads\/2023\/12\/WhatsApp-Image-2023-12-04-at-09.25.50-300x300.jpeg 300w, https:\/\/correoparaguayo.gov.py\/sitio\/wp-content\/uploads\/2023\/12\/WhatsApp-Image-2023-12-04-at-09.25.50-150x150.jpeg 150w, https:\/\/correoparaguayo.gov.py\/sitio\/wp-content\/uploads\/2023\/12\/WhatsApp-Image-2023-12-04-at-09.25.50-768x767.jpeg 768w, https:\/\/correoparaguayo.gov.py\/sitio\/wp-content\/uploads\/2023\/12\/WhatsApp-Image-2023-12-04-at-09.25.50.jpeg 1080w\" sizes=\"(max-width: 693px) 100vw, 693px\" \/><\/p>\n<p>El D\u00eda Internacional de las Personas con Discapacidad se recuerda cada 3 de diciembre y fue declarada la importante fecha en el a\u00f1o 1992. Con el matasellos alusivo lo que el Correo Paraguayo hace es exteriorizar la promoci\u00f3n de la inclusi\u00f3n de las personas con discapacidad y de esa manera motivar a la reflexi\u00f3n y destacar los beneficios de una sociedad m\u00e1s inclusiva y accesible para todos.<\/p>\n<p>Los matasellos, actualmente, se utilizan con doble fin, que son el de anular la fuerza franqueadora de las estampillas, y de igual manera transmitir informaci\u00f3n o celebraci\u00f3n que se desea testimoniar sobre un acontecimiento de relevancia nacional o internacional como, sin lugar a dudas, es la conmemoraci\u00f3n del D\u00eda Internacional de las Personas con Discapacidad.<\/p>\n<p>El matasellos autorizado por resoluci\u00f3n del Correo Paraguayo n\u00famero 605 del 22 de noviembre, se aplicar\u00e1 en la cubierta de toda correspondencia que ingrese o salga para el interior o exterior del pa\u00eds los d\u00edas <strong>4<\/strong>, <strong>5<\/strong>, <strong>6<\/strong>, <strong>7<\/strong>, <strong>11<\/strong>, <strong>12<\/strong>, <strong>13<\/strong>, <strong>14<\/strong> y <strong>15<\/strong> de diciembre.<\/p>\n","protected":false},"excerpt":{"rendered":"<p>Matasellos alusivo al D\u00eda Internacional de las Personas con Discapacidad fue presentado, este lunes 4 de diciembre, por la Direcci\u00f3n Nacional de Correos del Paraguay (Dinacopa). El acto, que se desarroll\u00f3 en el sal\u00f3n auditorio del Servicio Nacional de Promoci\u00f3n Profesional (SNPP), cont\u00f3 con la presencia de invitados especiales y representantes diferentes organizaciones. La licenciada [&hellip;]<\/p>\n","protected":false},"author":3,"featured_media":4506,"comment_status":"open","ping_status":"open","sticky":false,"template":"","format":"standard","meta":{"footnotes":""},"categories":[11],"tags":[],"class_list":["post-4503","post","type-post","status-publish","format-standard","has-post-thumbnail","hentry","category-todos"],"_links":{"self":[{"href":"https:\/\/correoparaguayo.gov.py\/sitio\/wp-json\/wp\/v2\/posts\/4503","targetHints":{"allow":["GET"]}}],"collection":[{"href":"https:\/\/correoparaguayo.gov.py\/sitio\/wp-json\/wp\/v2\/posts"}],"about":[{"href":"https:\/\/correoparaguayo.gov.py\/sitio\/wp-json\/wp\/v2\/types\/post"}],"author":[{"embeddable":true,"href":"https:\/\/correoparaguayo.gov.py\/sitio\/wp-json\/wp\/v2\/users\/3"}],"replies":[{"embeddable":true,"href":"https:\/\/correoparaguayo.gov.py\/sitio\/wp-json\/wp\/v2\/comments?post=4503"}],"version-history":[{"count":1,"href":"https:\/\/correoparaguayo.gov.py\/sitio\/wp-json\/wp\/v2\/posts\/4503\/revisions"}],"predecessor-version":[{"id":4507,"href":"https:\/\/correoparaguayo.gov.py\/sitio\/wp-json\/wp\/v2\/posts\/4503\/revisions\/4507"}],"wp:featuredmedia":[{"embeddable":true,"href":"https:\/\/correoparaguayo.gov.py\/sitio\/wp-json\/wp\/v2\/media\/4506"}],"wp:attachment":[{"href":"https:\/\/correoparaguayo.gov.py\/sitio\/wp-json\/wp\/v2\/media?parent=4503"}],"wp:term":[{"taxonomy":"category","embeddable":true,"href":"https:\/\/correoparaguayo.gov.py\/sitio\/wp-json\/wp\/v2\/categories?post=4503"},{"taxonomy":"post_tag","embeddable":true,"href":"https:\/\/correoparaguayo.gov.py\/sitio\/wp-json\/wp\/v2\/tags?post=4503"}],"curies":[{"name":"wp","href":"https:\/\/api.w.org\/{rel}","templated":true}]}}