{"id":10449,"date":"2025-09-15T11:14:41","date_gmt":"2025-09-15T14:14:41","guid":{"rendered":"https:\/\/correoparaguayo.gov.py\/sitio\/?p=10449"},"modified":"2025-09-15T11:14:41","modified_gmt":"2025-09-15T14:14:41","slug":"hoy-se-recuerda-el-dia-de-la-polca-paraguaya","status":"publish","type":"post","link":"https:\/\/correoparaguayo.gov.py\/sitio\/hoy-se-recuerda-el-dia-de-la-polca-paraguaya\/","title":{"rendered":"Hoy se recuerda el D\u00eda de la Polca Paraguaya"},"content":{"rendered":"<p><img fetchpriority=\"high\" decoding=\"async\" class=\"alignnone  wp-image-10450\" src=\"https:\/\/correoparaguayo.gov.py\/sitio\/wp-content\/uploads\/2025\/09\/polka-240x300.png\" alt=\"\" width=\"739\" height=\"924\" srcset=\"https:\/\/correoparaguayo.gov.py\/sitio\/wp-content\/uploads\/2025\/09\/polka-240x300.png 240w, https:\/\/correoparaguayo.gov.py\/sitio\/wp-content\/uploads\/2025\/09\/polka-768x960.png 768w, https:\/\/correoparaguayo.gov.py\/sitio\/wp-content\/uploads\/2025\/09\/polka.png 1080w\" sizes=\"(max-width: 739px) 100vw, 739px\" \/><\/p>\n<p>Cada 15 de septiembre se celebra el D\u00eda de la Polca Paraguaya, un g\u00e9nero de m\u00fasica popular de car\u00e1cter vocal o instrumental que identifica a todo paraguayo que se encuentre en estas tierras o en los m\u00e1s confines lugares del mundo.<\/p>\n<p>Donde suene una polca kyre\u2019y y melodiosa, ah\u00ed est\u00e1 un paraguayo orgulloso de su m\u00fasica. Esta fecha especial es recordada desde el 2011, cuando por Ley N.\u00b0 4366 fue establecido que cada 15 de septiembre se recuerde el D\u00eda de la Polca Paraguaya.<\/p>\n<p>La recordaci\u00f3n es en homenaje a Emiliano R. Fern\u00e1ndez y Luis Alberto del Paran\u00e1, quienes coincidentemente fallecieron un 15 de setiembre de 1949 y de 1974 respectivamente.<\/p>\n","protected":false},"excerpt":{"rendered":"<p>Cada 15 de septiembre se celebra el D\u00eda de la Polca Paraguaya, un g\u00e9nero de m\u00fasica popular de car\u00e1cter vocal o instrumental que identifica a todo paraguayo que se encuentre en estas tierras o en los m\u00e1s confines lugares del mundo. Donde suene una polca kyre\u2019y y melodiosa, ah\u00ed est\u00e1 un paraguayo orgulloso de su [&hellip;]<\/p>\n","protected":false},"author":3,"featured_media":10450,"comment_status":"open","ping_status":"open","sticky":false,"template":"","format":"standard","meta":{"footnotes":""},"categories":[11],"tags":[],"class_list":["post-10449","post","type-post","status-publish","format-standard","has-post-thumbnail","hentry","category-todos"],"_links":{"self":[{"href":"https:\/\/correoparaguayo.gov.py\/sitio\/wp-json\/wp\/v2\/posts\/10449","targetHints":{"allow":["GET"]}}],"collection":[{"href":"https:\/\/correoparaguayo.gov.py\/sitio\/wp-json\/wp\/v2\/posts"}],"about":[{"href":"https:\/\/correoparaguayo.gov.py\/sitio\/wp-json\/wp\/v2\/types\/post"}],"author":[{"embeddable":true,"href":"https:\/\/correoparaguayo.gov.py\/sitio\/wp-json\/wp\/v2\/users\/3"}],"replies":[{"embeddable":true,"href":"https:\/\/correoparaguayo.gov.py\/sitio\/wp-json\/wp\/v2\/comments?post=10449"}],"version-history":[{"count":1,"href":"https:\/\/correoparaguayo.gov.py\/sitio\/wp-json\/wp\/v2\/posts\/10449\/revisions"}],"predecessor-version":[{"id":10451,"href":"https:\/\/correoparaguayo.gov.py\/sitio\/wp-json\/wp\/v2\/posts\/10449\/revisions\/10451"}],"wp:featuredmedia":[{"embeddable":true,"href":"https:\/\/correoparaguayo.gov.py\/sitio\/wp-json\/wp\/v2\/media\/10450"}],"wp:attachment":[{"href":"https:\/\/correoparaguayo.gov.py\/sitio\/wp-json\/wp\/v2\/media?parent=10449"}],"wp:term":[{"taxonomy":"category","embeddable":true,"href":"https:\/\/correoparaguayo.gov.py\/sitio\/wp-json\/wp\/v2\/categories?post=10449"},{"taxonomy":"post_tag","embeddable":true,"href":"https:\/\/correoparaguayo.gov.py\/sitio\/wp-json\/wp\/v2\/tags?post=10449"}],"curies":[{"name":"wp","href":"https:\/\/api.w.org\/{rel}","templated":true}]}}