{"id":10386,"date":"2025-08-27T07:25:10","date_gmt":"2025-08-27T10:25:10","guid":{"rendered":"https:\/\/correoparaguayo.gov.py\/sitio\/?p=10386"},"modified":"2025-08-28T07:26:59","modified_gmt":"2025-08-28T10:26:59","slug":"dia-de-la-guarania-es-en-homenaje-al-creador-del-genero-musical","status":"publish","type":"post","link":"https:\/\/correoparaguayo.gov.py\/sitio\/dia-de-la-guarania-es-en-homenaje-al-creador-del-genero-musical\/","title":{"rendered":"D\u00eda de la Guarania es en homenaje al creador del g\u00e9nero musical"},"content":{"rendered":"<p><img fetchpriority=\"high\" decoding=\"async\" class=\"alignnone  wp-image-10387\" src=\"https:\/\/correoparaguayo.gov.py\/sitio\/wp-content\/uploads\/2025\/08\/540232830_1200770255418271_376664429412357442_n-240x300.jpg\" alt=\"\" width=\"709\" height=\"886\" srcset=\"https:\/\/correoparaguayo.gov.py\/sitio\/wp-content\/uploads\/2025\/08\/540232830_1200770255418271_376664429412357442_n-240x300.jpg 240w, https:\/\/correoparaguayo.gov.py\/sitio\/wp-content\/uploads\/2025\/08\/540232830_1200770255418271_376664429412357442_n-768x960.jpg 768w, https:\/\/correoparaguayo.gov.py\/sitio\/wp-content\/uploads\/2025\/08\/540232830_1200770255418271_376664429412357442_n.jpg 1080w\" sizes=\"(max-width: 709px) 100vw, 709px\" \/><\/p>\n<p>El 27 de agosto de cada a\u00f1o se conmemora el \u201cD\u00eda Nacional de la Guarania\u201d en homenaje a su creador, el gran maestro Jos\u00e9 Asunci\u00f3n Flores, quien naci\u00f3 en esta misma fecha, pero de 1904, en Punta Carap\u00e1, del populoso barrio Ricardo Brugada, de Asunci\u00f3n.<\/p>\n<p>Flores logr\u00f3 unir magistralmente el sentimiento del pueblo paraguayo con la m\u00fasica, llenando de orgullo a toda una naci\u00f3n con las dulces melod\u00edas representadas en cada pieza musical.<\/p>\n<p>Por ello, se lleva adelante la Semana de la Guarania con diversas actividades conmemorativas. Es as\u00ed que se prev\u00e9n charlas, conferencias, audiovisuales y conciertos.<\/p>\n","protected":false},"excerpt":{"rendered":"<p>El 27 de agosto de cada a\u00f1o se conmemora el \u201cD\u00eda Nacional de la Guarania\u201d en homenaje a su creador, el gran maestro Jos\u00e9 Asunci\u00f3n Flores, quien naci\u00f3 en esta misma fecha, pero de 1904, en Punta Carap\u00e1, del populoso barrio Ricardo Brugada, de Asunci\u00f3n. Flores logr\u00f3 unir magistralmente el sentimiento del pueblo paraguayo con [&hellip;]<\/p>\n","protected":false},"author":3,"featured_media":10387,"comment_status":"open","ping_status":"open","sticky":false,"template":"","format":"standard","meta":{"footnotes":""},"categories":[11],"tags":[],"class_list":["post-10386","post","type-post","status-publish","format-standard","has-post-thumbnail","hentry","category-todos"],"_links":{"self":[{"href":"https:\/\/correoparaguayo.gov.py\/sitio\/wp-json\/wp\/v2\/posts\/10386","targetHints":{"allow":["GET"]}}],"collection":[{"href":"https:\/\/correoparaguayo.gov.py\/sitio\/wp-json\/wp\/v2\/posts"}],"about":[{"href":"https:\/\/correoparaguayo.gov.py\/sitio\/wp-json\/wp\/v2\/types\/post"}],"author":[{"embeddable":true,"href":"https:\/\/correoparaguayo.gov.py\/sitio\/wp-json\/wp\/v2\/users\/3"}],"replies":[{"embeddable":true,"href":"https:\/\/correoparaguayo.gov.py\/sitio\/wp-json\/wp\/v2\/comments?post=10386"}],"version-history":[{"count":1,"href":"https:\/\/correoparaguayo.gov.py\/sitio\/wp-json\/wp\/v2\/posts\/10386\/revisions"}],"predecessor-version":[{"id":10388,"href":"https:\/\/correoparaguayo.gov.py\/sitio\/wp-json\/wp\/v2\/posts\/10386\/revisions\/10388"}],"wp:featuredmedia":[{"embeddable":true,"href":"https:\/\/correoparaguayo.gov.py\/sitio\/wp-json\/wp\/v2\/media\/10387"}],"wp:attachment":[{"href":"https:\/\/correoparaguayo.gov.py\/sitio\/wp-json\/wp\/v2\/media?parent=10386"}],"wp:term":[{"taxonomy":"category","embeddable":true,"href":"https:\/\/correoparaguayo.gov.py\/sitio\/wp-json\/wp\/v2\/categories?post=10386"},{"taxonomy":"post_tag","embeddable":true,"href":"https:\/\/correoparaguayo.gov.py\/sitio\/wp-json\/wp\/v2\/tags?post=10386"}],"curies":[{"name":"wp","href":"https:\/\/api.w.org\/{rel}","templated":true}]}}